{"id":33203,"date":"2025-04-23T11:53:21","date_gmt":"2025-04-23T09:53:21","guid":{"rendered":"https:\/\/www.fiap.paris\/?p=33203"},"modified":"2025-04-23T14:44:47","modified_gmt":"2025-04-23T12:44:47","slug":"ils-sont-venus-au-fiap-externe-05-2025","status":"publish","type":"post","link":"https:\/\/www.fiap.paris\/en\/events\/ils-sont-venus-au-fiap-externe-05-2025\/","title":{"rendered":"ILS SONT VENUS AU FIAP"},"content":{"rendered":"\n\n<section class=\"b-hero-sm bg-cw\" id='block_39c75daff42dedd3f95af0dbf97ef409'>\n\t<div class=\"container\" data-aos=\"fade\" data-aos-delay=\"150\">\n\t\t<div class=\"b-hero-sm_wrp\">\n\t\t\t<div class=\"b-hero-sm_ctn col-lg-5\">\n\t\t\t\t<h1 class=\"b-hero-sm_ttl\" class=\"b-hero-sm_ttl\" id=\"ils-sont-venus-au-fiap\">ILS SONT VENUS AU FIAP<\/h1>\t\t\t\t<span class=\"b-hero-sm_subttl\">FIAP x AFF : Une histoire de fid\u00e9lit\u00e9, de valeurs partag\u00e9es et d\u2019innovation continue<\/span>\t\t\t<\/div>\n\t\t<\/div>\n\t\t\t\t\t\t<figure class=\"b-hero-sm_bg bg-wrp contain  container\">\n\t\t\t\t\t<img decoding=\"async\" class='b-hero-sm_med' data-aos=\"fade-right\" data-aos-delay=\"150\" loading='lazy' alt=\"ils-sont-venus-au-fiap\" src=\"https:\/\/www.fiap.paris\/wp-content\/uploads\/2025\/04\/LOGO-AFF-PNG.png\" width=\"100%\" height=\"100%\" srcset=\"https:\/\/www.fiap.paris\/wp-content\/uploads\/2025\/04\/LOGO-AFF-PNG.png 1771w, https:\/\/www.fiap.paris\/wp-content\/uploads\/2025\/04\/LOGO-AFF-PNG-768x385.png 768w, https:\/\/www.fiap.paris\/wp-content\/uploads\/2025\/04\/LOGO-AFF-PNG-1024x513.png 1024w, https:\/\/www.fiap.paris\/wp-content\/uploads\/2025\/04\/LOGO-AFF-PNG-1536x769.png 1536w\" sizes=\"auto, (max-width: 1771px) 100vw, 1771px\">\t\t\t\t<\/figure>\n\t\t\t<\/div>\n<\/section>\n\n\n\n\n\n<section class=\"b-tinymce spc-s2 bg-cw column1\" id='block_04c59b02e877d5bbbf0163f245d78b2d'>\n\t<div class=\"b-tinymce_wrp container   bg-cw\">\n\n\t\t<div class=\"b-tinymce_ctn\" data-aos=\"fade\">\n\t\t\t\t\n\n\t\t\t\t\t\t\t<div class=\"row mobile gy-5\">\n\t\t\t\t\t<div class=\"col-10\">\n\t\t\t\t\t\t<div class=\"b-tinymce_content-txt editor bg-cw\">\n\t\t\t\t\t\t\t<p class=\"\" data-start=\"148\" data-end=\"468\"><strong data-start=\"148\" data-end=\"226\">Au FIAP, la loyaut\u00e9 est plus qu\u2019un principe : c\u2019est une dynamique vivante.<\/strong><br data-start=\"226\" data-end=\"229\" \/>Elle s\u2019incarne dans la constance de nos valeurs, immuables depuis 1968, et dans la relation de confiance que nous cultivons avec nos partenaires. Parmi eux, l\u2019Association Fran\u00e7aise des Fundraisers (AFF) occupe une place toute particuli\u00e8re.<\/p>\n<h1 class=\"\" data-start=\"470\" data-end=\"525\" class=\"\" data-start=\"470\" data-end=\"525\" id=\"un-partenariat-fonde-sur-des-convictions-communes\">Un partenariat fond\u00e9 sur des convictions communes<\/h3>\n<p class=\"\" data-start=\"526\" data-end=\"890\">Depuis plus de 15 ans, le FIAP et l\u2019AFF collaborent autour d\u2019une vision partag\u00e9e : cr\u00e9er un espace d\u2019\u00e9change propice \u00e0 l\u2019enrichissement mutuel par le croisement des exp\u00e9riences.<br data-start=\"703\" data-end=\"706\" \/>Professionnels de la collecte de fonds et du m\u00e9c\u00e9nat, les membres de l\u2019AFF trouvent au FIAP un lieu en parfaite ad\u00e9quation avec leur philosophie, tant dans l\u2019accueil que dans l\u2019esprit.<\/p>\n<h3 class=\"\" data-start=\"892\" data-end=\"933\" class=\"\" data-start=\"892\" data-end=\"933\" id=\"une-relation-en-constante-evolution\">Une relation en constante \u00e9volution<\/h3>\n<p class=\"\" data-start=\"934\" data-end=\"1084\">Le FIAP a su adapter son offre au fil des ann\u00e9es pour r\u00e9pondre aux besoins croissants et exigeants de l\u2019AFF. Cette \u00e9volution s\u2019est concr\u00e9tis\u00e9e par :<\/p>\n<ul data-start=\"1085\" data-end=\"1410\">\n<li class=\"\" data-start=\"1085\" data-end=\"1189\">\n<p class=\"\" data-start=\"1087\" data-end=\"1189\">la cr\u00e9ation de prestations de restauration personnalis\u00e9es (pauses gourmandes, cocktails sur mesure),<\/p>\n<\/li>\n<li class=\"\" data-start=\"1190\" data-end=\"1278\">\n<p class=\"\" data-start=\"1192\" data-end=\"1278\">la mise en place de nouvelles fonctions d\u00e9di\u00e9es, comme une coordinatrice de terrain,<\/p>\n<\/li>\n<li class=\"\" data-start=\"1279\" data-end=\"1410\">\n<p class=\"\" data-start=\"1281\" data-end=\"1410\">et des investissements significatifs dans la r\u00e9novation d\u2019espaces embl\u00e9matiques : hall d\u2019accueil, terrasse, zones d\u2019exposition&#8230;<\/p>\n<\/li>\n<\/ul>\n<p class=\"\" data-start=\"1412\" data-end=\"1468\">En retour, l\u2019AFF a renforc\u00e9 sa pr\u00e9sence au FIAP avec :<\/p>\n<ul data-start=\"1469\" data-end=\"1760\">\n<li class=\"\" data-start=\"1469\" data-end=\"1559\">\n<p class=\"\" data-start=\"1471\" data-end=\"1559\">une mont\u00e9e en puissance des \u00e9v\u00e9nements, rassemblant de 150 \u00e0 plus de 700 participants,<\/p>\n<\/li>\n<li class=\"\" data-start=\"1560\" data-end=\"1666\">\n<p class=\"\" data-start=\"1562\" data-end=\"1666\">une \u00e9volution des formats, allant de quelques salles \u00e0 la quasi-privatisation du centre de conf\u00e9rence,<\/p>\n<\/li>\n<li class=\"\" data-start=\"1667\" data-end=\"1760\">\n<p class=\"\" data-start=\"1669\" data-end=\"1760\">jusqu\u2019\u00e0 trois \u00e9v\u00e9nements phares par an, chacun articul\u00e9 autour d\u2019une th\u00e9matique sp\u00e9cifique.<\/p>\n<\/li>\n<\/ul>\n<h3 class=\"\" data-start=\"1762\" data-end=\"1844\" class=\"\" data-start=\"1762\" data-end=\"1844\" id=\"le-seminaire-francophone-de-la-collecte-de-fonds-un-evenement-emblematique\">Le S\u00e9minaire Francophone de la Collecte de Fonds : un \u00e9v\u00e9nement embl\u00e9matique<\/h3>\n<p class=\"\" data-start=\"1845\" data-end=\"2197\">Organis\u00e9 au FIAP chaque mois de juin depuis 2010, ce s\u00e9minaire est devenu une r\u00e9f\u00e9rence dans le secteur.<br data-start=\"1949\" data-end=\"1952\" \/>L\u2019\u00e9dition 2025, pr\u00e9vue sur trois jours, r\u00e9unira plus de 700 professionnels autour d\u2019un fil rouge inspirant : <strong data-start=\"2061\" data-end=\"2086\">\u00ab Bouger les lignes \u00bb<\/strong>. Avec 90 sessions in\u00e9dites, l\u2019\u00e9v\u00e9nement mettra \u00e0 l\u2019honneur l\u2019audace, l\u2019innovation et le partage d\u2019exp\u00e9riences.<\/p>\n<h3 class=\"\" data-start=\"2199\" data-end=\"2243\" class=\"\" data-start=\"2199\" data-end=\"2243\" id=\"une-complicite-durable-et-constructive\">Une complicit\u00e9 durable et constructive<\/h3>\n<p class=\"\" data-start=\"2244\" data-end=\"2529\">Ce partenariat exemplaire entre le FIAP et l\u2019AFF repose sur une alchimie rare : la capacit\u00e9 \u00e0 se r\u00e9inventer ensemble, \u00e0 s\u2019\u00e9couter et \u00e0 respecter les besoins r\u00e9ciproques.<br data-start=\"2413\" data-end=\"2416\" \/>C\u2019est dans cette complicit\u00e9 et cette adaptabilit\u00e9 que r\u00e9side le secret d\u2019une relation solide, vivante et p\u00e9renne.<\/p>\n<p>&nbsp;<\/p>\n<p><a class=\"link\" href=\"https:\/\/us11.campaign-archive.com\/?u=46a5faf58198d4465d6a824c2&amp;id=74d95ab6c7\" target=\"_blank\" rel=\"noopener\">REVENIR A LA NEWSLETTER<\/a><\/p>\n\t\t\t\t\t\t<\/div>\n\t\t\t\t\t<\/div>\n\t\t\t\t<\/div>\n\n\t\t\t\t\t<\/div>\n\n\t\t\t\t\n\t<\/div>\n<\/section>\n\n\n\n\n\n<section class=\"b-banner spc-s2 bg-c2\" id='block_d225c74069b43f8e8f78162f43840ee2' data-aos='fade'> \n\t<div class=\"container\">\n\t\t<div class=\"row\">\n\t\t\t<div class=\"col-lg-8 col-sm-12\">\n\t\t\t\t\n<header class=\"c-heading\">\n        \n            <div class=\"c-heading_desc editor\"><h2 style=\"text-align: center;\" style=\"text-align: center;\" id=\"book-now\"><span style=\"color: #202967;\">BOOK NOW<\/span><\/h2>\n<h2 style=\"text-align: center;\" style=\"text-align: center;\" id=\"stay-in-one-of-our-rooms\">Stay in one of our rooms<\/h2>\n<p style=\"text-align: center;\"><a class=\"btn btn-c1\" href=\"https:\/\/online.bookvisit.com\/R?channelId=bc6ee1e9-07b3-4a5e-9b4e-2844dc99a51e&amp;initialPath=%2Faccommodation#\/accommodation\">Booking<\/a><\/p>\n<\/div>\n    <\/header>\t\t\t\t\t\t\t<\/div>\n\t\t<\/div>\n\t\t\t\t\t<figure class=\"b-banner_bg bg-wrp contain  container\">\n\t\t\t\t<img decoding=\"async\" class='b-banner_med' loading='lazy' alt=\"ils-sont-venus-au-fiap\" src=\"https:\/\/www.fiap.paris\/wp-content\/uploads\/2022\/10\/fille-qui-parle-banniere.png\" width=\"100%\" height=\"100%\" srcset=\"\" sizes=\"auto, (max-width: 170px) 100vw, 170px\">\t\t\t<\/figure>\n\t\t\t\t<\/div>\n\t<\/div>\n<\/section>\n\n","protected":false},"excerpt":{"rendered":"","protected":false},"author":8,"featured_media":0,"comment_status":"closed","ping_status":"closed","sticky":false,"template":"","format":"standard","meta":{"_acf_changed":false,"inline_featured_image":false,"footnotes":""},"categories":[28],"tags":[],"class_list":["post-33203","post","type-post","status-publish","format-standard","hentry","category-events"],"acf":[],"yoast_head":"<!-- This site is optimized with the Yoast SEO plugin v27.4 - https:\/\/yoast.com\/product\/yoast-seo-wordpress\/ -->\n<title>Fiap Paris<\/title>\n<meta name=\"robots\" content=\"index, follow, max-snippet:-1, max-image-preview:large, max-video-preview:-1\" \/>\n<link rel=\"canonical\" href=\"https:\/\/www.fiap.paris\/en\/events\/ils-sont-venus-au-fiap-externe-05-2025\/\" \/>\n<meta property=\"og:locale\" content=\"en_US\" \/>\n<meta property=\"og:type\" content=\"article\" \/>\n<meta property=\"og:title\" content=\"ILS SONT VENUS AU FIAP - Fiap Paris\" \/>\n<meta property=\"og:url\" content=\"https:\/\/www.fiap.paris\/en\/events\/ils-sont-venus-au-fiap-externe-05-2025\/\" \/>\n<meta property=\"og:site_name\" content=\"Fiap Paris\" \/>\n<meta property=\"article:published_time\" content=\"2025-04-23T09:53:21+00:00\" \/>\n<meta property=\"article:modified_time\" content=\"2025-04-23T12:44:47+00:00\" \/>\n<meta name=\"author\" content=\"Amelie\" \/>\n<meta name=\"twitter:card\" content=\"summary_large_image\" \/>\n<meta name=\"twitter:label1\" content=\"Written by\" \/>\n\t<meta name=\"twitter:data1\" content=\"Amelie\" \/>\n<script type=\"application\/ld+json\" class=\"yoast-schema-graph\">{\"@context\":\"https:\\\/\\\/schema.org\",\"@graph\":[{\"@type\":\"Article\",\"@id\":\"https:\\\/\\\/www.fiap.paris\\\/en\\\/events\\\/ils-sont-venus-au-fiap-externe-05-2025\\\/#article\",\"isPartOf\":{\"@id\":\"https:\\\/\\\/www.fiap.paris\\\/en\\\/events\\\/ils-sont-venus-au-fiap-externe-05-2025\\\/\"},\"author\":{\"name\":\"Amelie\",\"@id\":\"https:\\\/\\\/www.fiap.paris\\\/en\\\/#\\\/schema\\\/person\\\/00552e801ad7182c579d040cd0a590d6\"},\"headline\":\"ILS SONT VENUS AU FIAP\",\"datePublished\":\"2025-04-23T09:53:21+00:00\",\"dateModified\":\"2025-04-23T12:44:47+00:00\",\"mainEntityOfPage\":{\"@id\":\"https:\\\/\\\/www.fiap.paris\\\/en\\\/events\\\/ils-sont-venus-au-fiap-externe-05-2025\\\/\"},\"wordCount\":5,\"articleSection\":[\"EVENTS\"],\"inLanguage\":\"en-US\"},{\"@type\":\"WebPage\",\"@id\":\"https:\\\/\\\/www.fiap.paris\\\/en\\\/events\\\/ils-sont-venus-au-fiap-externe-05-2025\\\/\",\"url\":\"https:\\\/\\\/www.fiap.paris\\\/en\\\/events\\\/ils-sont-venus-au-fiap-externe-05-2025\\\/\",\"name\":\"ILS SONT VENUS AU FIAP - Fiap Paris\",\"isPartOf\":{\"@id\":\"https:\\\/\\\/www.fiap.paris\\\/en\\\/#website\"},\"datePublished\":\"2025-04-23T09:53:21+00:00\",\"dateModified\":\"2025-04-23T12:44:47+00:00\",\"author\":{\"@id\":\"https:\\\/\\\/www.fiap.paris\\\/en\\\/#\\\/schema\\\/person\\\/00552e801ad7182c579d040cd0a590d6\"},\"breadcrumb\":{\"@id\":\"https:\\\/\\\/www.fiap.paris\\\/en\\\/events\\\/ils-sont-venus-au-fiap-externe-05-2025\\\/#breadcrumb\"},\"inLanguage\":\"en-US\",\"potentialAction\":[{\"@type\":\"ReadAction\",\"target\":[\"https:\\\/\\\/www.fiap.paris\\\/en\\\/events\\\/ils-sont-venus-au-fiap-externe-05-2025\\\/\"]}]},{\"@type\":\"BreadcrumbList\",\"@id\":\"https:\\\/\\\/www.fiap.paris\\\/en\\\/events\\\/ils-sont-venus-au-fiap-externe-05-2025\\\/#breadcrumb\",\"itemListElement\":[{\"@type\":\"ListItem\",\"position\":1,\"name\":\"Accueil\",\"item\":\"https:\\\/\\\/www.fiap.paris\\\/en\\\/\"},{\"@type\":\"ListItem\",\"position\":2,\"name\":\"ILS SONT VENUS AU FIAP\"}]},{\"@type\":\"WebSite\",\"@id\":\"https:\\\/\\\/www.fiap.paris\\\/en\\\/#website\",\"url\":\"https:\\\/\\\/www.fiap.paris\\\/en\\\/\",\"name\":\"Fiap Paris\",\"description\":\"H\u00e9bergement et S\u00e9minaires \u00e0 Paris\",\"potentialAction\":[{\"@type\":\"SearchAction\",\"target\":{\"@type\":\"EntryPoint\",\"urlTemplate\":\"https:\\\/\\\/www.fiap.paris\\\/en\\\/?s={search_term_string}\"},\"query-input\":{\"@type\":\"PropertyValueSpecification\",\"valueRequired\":true,\"valueName\":\"search_term_string\"}}],\"inLanguage\":\"en-US\"},{\"@type\":\"Person\",\"@id\":\"https:\\\/\\\/www.fiap.paris\\\/en\\\/#\\\/schema\\\/person\\\/00552e801ad7182c579d040cd0a590d6\",\"name\":\"Amelie\",\"image\":{\"@type\":\"ImageObject\",\"inLanguage\":\"en-US\",\"@id\":\"https:\\\/\\\/secure.gravatar.com\\\/avatar\\\/0194311a805c4683194393b3d0ed8aa11405405cffd4b21ceb52ed8e41b4e6d4?s=96&d=mm&r=g\",\"url\":\"https:\\\/\\\/secure.gravatar.com\\\/avatar\\\/0194311a805c4683194393b3d0ed8aa11405405cffd4b21ceb52ed8e41b4e6d4?s=96&d=mm&r=g\",\"contentUrl\":\"https:\\\/\\\/secure.gravatar.com\\\/avatar\\\/0194311a805c4683194393b3d0ed8aa11405405cffd4b21ceb52ed8e41b4e6d4?s=96&d=mm&r=g\",\"caption\":\"Amelie\"}}]}<\/script>\n<!-- \/ Yoast SEO plugin. -->","yoast_head_json":{"title":"Fiap Paris","robots":{"index":"index","follow":"follow","max-snippet":"max-snippet:-1","max-image-preview":"max-image-preview:large","max-video-preview":"max-video-preview:-1"},"canonical":"https:\/\/www.fiap.paris\/en\/events\/ils-sont-venus-au-fiap-externe-05-2025\/","og_locale":"en_US","og_type":"article","og_title":"ILS SONT VENUS AU FIAP - Fiap Paris","og_url":"https:\/\/www.fiap.paris\/en\/events\/ils-sont-venus-au-fiap-externe-05-2025\/","og_site_name":"Fiap Paris","article_published_time":"2025-04-23T09:53:21+00:00","article_modified_time":"2025-04-23T12:44:47+00:00","author":"Amelie","twitter_card":"summary_large_image","twitter_misc":{"Written by":"Amelie"},"schema":{"@context":"https:\/\/schema.org","@graph":[{"@type":"Article","@id":"https:\/\/www.fiap.paris\/en\/events\/ils-sont-venus-au-fiap-externe-05-2025\/#article","isPartOf":{"@id":"https:\/\/www.fiap.paris\/en\/events\/ils-sont-venus-au-fiap-externe-05-2025\/"},"author":{"name":"Amelie","@id":"https:\/\/www.fiap.paris\/en\/#\/schema\/person\/00552e801ad7182c579d040cd0a590d6"},"headline":"ILS SONT VENUS AU FIAP","datePublished":"2025-04-23T09:53:21+00:00","dateModified":"2025-04-23T12:44:47+00:00","mainEntityOfPage":{"@id":"https:\/\/www.fiap.paris\/en\/events\/ils-sont-venus-au-fiap-externe-05-2025\/"},"wordCount":5,"articleSection":["EVENTS"],"inLanguage":"en-US"},{"@type":"WebPage","@id":"https:\/\/www.fiap.paris\/en\/events\/ils-sont-venus-au-fiap-externe-05-2025\/","url":"https:\/\/www.fiap.paris\/en\/events\/ils-sont-venus-au-fiap-externe-05-2025\/","name":"ILS SONT VENUS AU FIAP - Fiap Paris","isPartOf":{"@id":"https:\/\/www.fiap.paris\/en\/#website"},"datePublished":"2025-04-23T09:53:21+00:00","dateModified":"2025-04-23T12:44:47+00:00","author":{"@id":"https:\/\/www.fiap.paris\/en\/#\/schema\/person\/00552e801ad7182c579d040cd0a590d6"},"breadcrumb":{"@id":"https:\/\/www.fiap.paris\/en\/events\/ils-sont-venus-au-fiap-externe-05-2025\/#breadcrumb"},"inLanguage":"en-US","potentialAction":[{"@type":"ReadAction","target":["https:\/\/www.fiap.paris\/en\/events\/ils-sont-venus-au-fiap-externe-05-2025\/"]}]},{"@type":"BreadcrumbList","@id":"https:\/\/www.fiap.paris\/en\/events\/ils-sont-venus-au-fiap-externe-05-2025\/#breadcrumb","itemListElement":[{"@type":"ListItem","position":1,"name":"Accueil","item":"https:\/\/www.fiap.paris\/en\/"},{"@type":"ListItem","position":2,"name":"ILS SONT VENUS AU FIAP"}]},{"@type":"WebSite","@id":"https:\/\/www.fiap.paris\/en\/#website","url":"https:\/\/www.fiap.paris\/en\/","name":"Fiap Paris","description":"H\u00e9bergement et S\u00e9minaires \u00e0 Paris","potentialAction":[{"@type":"SearchAction","target":{"@type":"EntryPoint","urlTemplate":"https:\/\/www.fiap.paris\/en\/?s={search_term_string}"},"query-input":{"@type":"PropertyValueSpecification","valueRequired":true,"valueName":"search_term_string"}}],"inLanguage":"en-US"},{"@type":"Person","@id":"https:\/\/www.fiap.paris\/en\/#\/schema\/person\/00552e801ad7182c579d040cd0a590d6","name":"Amelie","image":{"@type":"ImageObject","inLanguage":"en-US","@id":"https:\/\/secure.gravatar.com\/avatar\/0194311a805c4683194393b3d0ed8aa11405405cffd4b21ceb52ed8e41b4e6d4?s=96&d=mm&r=g","url":"https:\/\/secure.gravatar.com\/avatar\/0194311a805c4683194393b3d0ed8aa11405405cffd4b21ceb52ed8e41b4e6d4?s=96&d=mm&r=g","contentUrl":"https:\/\/secure.gravatar.com\/avatar\/0194311a805c4683194393b3d0ed8aa11405405cffd4b21ceb52ed8e41b4e6d4?s=96&d=mm&r=g","caption":"Amelie"}}]}},"_links":{"self":[{"href":"https:\/\/www.fiap.paris\/en\/wp-json\/wp\/v2\/posts\/33203","targetHints":{"allow":["GET"]}}],"collection":[{"href":"https:\/\/www.fiap.paris\/en\/wp-json\/wp\/v2\/posts"}],"about":[{"href":"https:\/\/www.fiap.paris\/en\/wp-json\/wp\/v2\/types\/post"}],"author":[{"embeddable":true,"href":"https:\/\/www.fiap.paris\/en\/wp-json\/wp\/v2\/users\/8"}],"replies":[{"embeddable":true,"href":"https:\/\/www.fiap.paris\/en\/wp-json\/wp\/v2\/comments?post=33203"}],"version-history":[{"count":5,"href":"https:\/\/www.fiap.paris\/en\/wp-json\/wp\/v2\/posts\/33203\/revisions"}],"predecessor-version":[{"id":33235,"href":"https:\/\/www.fiap.paris\/en\/wp-json\/wp\/v2\/posts\/33203\/revisions\/33235"}],"wp:attachment":[{"href":"https:\/\/www.fiap.paris\/en\/wp-json\/wp\/v2\/media?parent=33203"}],"wp:term":[{"taxonomy":"category","embeddable":true,"href":"https:\/\/www.fiap.paris\/en\/wp-json\/wp\/v2\/categories?post=33203"},{"taxonomy":"post_tag","embeddable":true,"href":"https:\/\/www.fiap.paris\/en\/wp-json\/wp\/v2\/tags?post=33203"}],"curies":[{"name":"wp","href":"https:\/\/api.w.org\/{rel}","templated":true}]}}